{"id":9769,"date":"2026-09-03T14:57:40","date_gmt":"2026-09-03T14:57:40","guid":{"rendered":"https:\/\/kita-luetzelbach-evangelisch.de\/?p=9769"},"modified":"2026-09-03T14:59:08","modified_gmt":"2026-09-03T14:59:08","slug":"neuigkeiten-aus-unsere-kueche-%f0%9f%8d%85-%f0%9f%a5%92-%f0%9f%a5%ac%f0%9f%a5%95%f0%9f%8c%bd%f0%9f%ab%9c","status":"publish","type":"post","link":"https:\/\/kita-luetzelbach-evangelisch.de\/?p=9769","title":{"rendered":"Neuigkeiten aus unserer K\u00fcche! \ud83c\udf45 \ud83e\udd52 \ud83e\udd6c\ud83e\udd55\ud83c\udf3d\ud83e\udedc"},"content":{"rendered":"\n<p>Vielleicht haben einige Kinder schon zu Hause erz\u00e4hlt, dass es neuerdings in unserer Kita eine Salatbar gibt. Hier d\u00fcrfen sich die Kinder zum Mittagessen mit Salat und Rohkost aller Art versorgen. So haben sie die M\u00f6glichkeit das zu essen, was sie am Liebsten m\u00f6gen, und auch Neues zu probieren.<\/p>\n\n\n\n<p>Den Kita-Kindern scheint es zu gefallen sich ihren eigenen Salat zu mischen! \ud83d\ude09\ud83d\udc4d\ud83c\udffd<\/p>\n\n\n\n<p>Danke an unser K\u00fcchenteam! \ud83d\ude18<\/p>\n\n\n\n<figure class=\"wp-block-gallery has-nested-images columns-default is-cropped wp-block-gallery-1 is-layout-flex wp-block-gallery-is-layout-flex\">\n<figure class=\"wp-block-image size-large\"><img loading=\"lazy\" decoding=\"async\" width=\"816\" height=\"612\" data-id=\"9771\" src=\"https:\/\/kita-luetzelbach-evangelisch.de\/wp-content\/uploads\/2026\/09\/IMG_2845.jpeg\" alt=\"\" class=\"wp-image-9771\" srcset=\"https:\/\/kita-luetzelbach-evangelisch.de\/wp-content\/uploads\/2026\/09\/IMG_2845.jpeg 816w, https:\/\/kita-luetzelbach-evangelisch.de\/wp-content\/uploads\/2026\/09\/IMG_2845-300x225.jpeg 300w, https:\/\/kita-luetzelbach-evangelisch.de\/wp-content\/uploads\/2026\/09\/IMG_2845-768x576.jpeg 768w, https:\/\/kita-luetzelbach-evangelisch.de\/wp-content\/uploads\/2026\/09\/IMG_2845-400x300.jpeg 400w\" sizes=\"auto, (max-width: 816px) 100vw, 816px\" \/><\/figure>\n\n\n\n<figure class=\"wp-block-image size-large\"><img loading=\"lazy\" decoding=\"async\" width=\"1024\" height=\"768\" data-id=\"9772\" src=\"https:\/\/kita-luetzelbach-evangelisch.de\/wp-content\/uploads\/2026\/09\/IMG_2845-1-1024x768.jpeg\" alt=\"\" class=\"wp-image-9772\" srcset=\"https:\/\/kita-luetzelbach-evangelisch.de\/wp-content\/uploads\/2026\/09\/IMG_2845-1-1024x768.jpeg 1024w, https:\/\/kita-luetzelbach-evangelisch.de\/wp-content\/uploads\/2026\/09\/IMG_2845-1-300x225.jpeg 300w, https:\/\/kita-luetzelbach-evangelisch.de\/wp-content\/uploads\/2026\/09\/IMG_2845-1-768x576.jpeg 768w, https:\/\/kita-luetzelbach-evangelisch.de\/wp-content\/uploads\/2026\/09\/IMG_2845-1-1536x1152.jpeg 1536w, https:\/\/kita-luetzelbach-evangelisch.de\/wp-content\/uploads\/2026\/09\/IMG_2845-1-400x300.jpeg 400w, https:\/\/kita-luetzelbach-evangelisch.de\/wp-content\/uploads\/2026\/09\/IMG_2845-1.jpeg 1632w\" sizes=\"auto, (max-width: 1024px) 100vw, 1024px\" \/><\/figure>\n<\/figure>\n","protected":false},"excerpt":{"rendered":"<p>Vielleicht haben einige Kinder schon zu Hause erz\u00e4hlt, dass es neuerdings in unserer Kita eine Salatbar gibt. Hier d\u00fcrfen sich die Kinder zum Mittagessen mit Salat und Rohkost aller Art versorgen. So haben sie die M\u00f6glichkeit das zu essen, was &hellip; <a href=\"https:\/\/kita-luetzelbach-evangelisch.de\/?p=9769\">Weiterlesen <span class=\"meta-nav\">&rarr;<\/span><\/a><\/p>\n","protected":false},"author":3,"featured_media":0,"comment_status":"closed","ping_status":"closed","sticky":false,"template":"","format":"standard","meta":{"footnotes":""},"categories":[1],"tags":[],"class_list":["post-9769","post","type-post","status-publish","format-standard","hentry","category-uncategorized"],"_links":{"self":[{"href":"https:\/\/kita-luetzelbach-evangelisch.de\/index.php?rest_route=\/wp\/v2\/posts\/9769","targetHints":{"allow":["GET"]}}],"collection":[{"href":"https:\/\/kita-luetzelbach-evangelisch.de\/index.php?rest_route=\/wp\/v2\/posts"}],"about":[{"href":"https:\/\/kita-luetzelbach-evangelisch.de\/index.php?rest_route=\/wp\/v2\/types\/post"}],"author":[{"embeddable":true,"href":"https:\/\/kita-luetzelbach-evangelisch.de\/index.php?rest_route=\/wp\/v2\/users\/3"}],"replies":[{"embeddable":true,"href":"https:\/\/kita-luetzelbach-evangelisch.de\/index.php?rest_route=%2Fwp%2Fv2%2Fcomments&post=9769"}],"version-history":[{"count":4,"href":"https:\/\/kita-luetzelbach-evangelisch.de\/index.php?rest_route=\/wp\/v2\/posts\/9769\/revisions"}],"predecessor-version":[{"id":9775,"href":"https:\/\/kita-luetzelbach-evangelisch.de\/index.php?rest_route=\/wp\/v2\/posts\/9769\/revisions\/9775"}],"wp:attachment":[{"href":"https:\/\/kita-luetzelbach-evangelisch.de\/index.php?rest_route=%2Fwp%2Fv2%2Fmedia&parent=9769"}],"wp:term":[{"taxonomy":"category","embeddable":true,"href":"https:\/\/kita-luetzelbach-evangelisch.de\/index.php?rest_route=%2Fwp%2Fv2%2Fcategories&post=9769"},{"taxonomy":"post_tag","embeddable":true,"href":"https:\/\/kita-luetzelbach-evangelisch.de\/index.php?rest_route=%2Fwp%2Fv2%2Ftags&post=9769"}],"curies":[{"name":"wp","href":"https:\/\/api.w.org\/{rel}","templated":true}]}}