{"id":9758,"date":"2026-09-01T08:29:58","date_gmt":"2026-09-01T08:29:58","guid":{"rendered":"https:\/\/kita-luetzelbach-evangelisch.de\/?p=9758"},"modified":"2026-09-01T08:29:58","modified_gmt":"2026-09-01T08:29:58","slug":"heute-war-der-erste-morgenkreis-mit-unseren-grossen-%f0%9f%a5%b3","status":"publish","type":"post","link":"https:\/\/kita-luetzelbach-evangelisch.de\/?p=9758","title":{"rendered":"HEUTE WAR DER ERSTE MORGENKREIS MIT UNSEREN GROSSEN \ud83e\udd73"},"content":{"rendered":"\n<p>WIR TRAFEN UNS ZUM ERSTEN MAL IN DER ZEIT VON 08.30 BIS 09.00 UHR IM TURNRAUM. DAS ERSTE MAL SAHEN DIE KINDER, WER VON IHNEN N\u00c4CHSTES JAHR IN DIE SCHULE KOMMT. <\/p>\n\n\n\n<p>WIR SANGEN EIN BEGR\u00dcSSUNGSLIED UND SPRACHEN \u00dcBER DIE ERSTE AKTION:  <\/p>\n\n\n\n<p>\u201c<strong>WALDTAGE MIT DEN GROSSEN\u201c<\/strong><\/p>\n\n\n\n<p>DIE GROSSEN WERDEN IN ZWEI GRUPPEN EINGETEILT UND GEHEN AB DER N\u00c4CHSTEN WOCHE MONTAGS IN DEN WALD. <\/p>\n\n\n\n<p>DIENSTAGS TREFFEN WIR UNS DANN WIEDER ZUM MORGENKREIS DER GROSSEN IM TURNRAUM. DANN WOLLEN DIE KINDER DER ERSTEN GRUPPE BESTIMMT VON IHREM WALDTAG ERZ\u00c4HLEN.<\/p>\n\n\n\n<p>WIR SIND GESPANNT!<\/p>\n\n\n\n<figure class=\"wp-block-image size-large\"><img loading=\"lazy\" decoding=\"async\" width=\"1024\" height=\"768\" src=\"https:\/\/kita-luetzelbach-evangelisch.de\/wp-content\/uploads\/2026\/09\/IMG_2839-1024x768.jpeg\" alt=\"\" class=\"wp-image-9759\" srcset=\"https:\/\/kita-luetzelbach-evangelisch.de\/wp-content\/uploads\/2026\/09\/IMG_2839-1024x768.jpeg 1024w, https:\/\/kita-luetzelbach-evangelisch.de\/wp-content\/uploads\/2026\/09\/IMG_2839-300x225.jpeg 300w, https:\/\/kita-luetzelbach-evangelisch.de\/wp-content\/uploads\/2026\/09\/IMG_2839-768x576.jpeg 768w, https:\/\/kita-luetzelbach-evangelisch.de\/wp-content\/uploads\/2026\/09\/IMG_2839-1536x1152.jpeg 1536w, https:\/\/kita-luetzelbach-evangelisch.de\/wp-content\/uploads\/2026\/09\/IMG_2839-2048x1536.jpeg 2048w, https:\/\/kita-luetzelbach-evangelisch.de\/wp-content\/uploads\/2026\/09\/IMG_2839-400x300.jpeg 400w\" sizes=\"auto, (max-width: 1024px) 100vw, 1024px\" \/><\/figure>\n\n\n\n<p><\/p>\n","protected":false},"excerpt":{"rendered":"<p>WIR TRAFEN UNS ZUM ERSTEN MAL IN DER ZEIT VON 08.30 BIS 09.00 UHR IM TURNRAUM. DAS ERSTE MAL SAHEN DIE KINDER, WER VON IHNEN N\u00c4CHSTES JAHR IN DIE SCHULE KOMMT. WIR SANGEN EIN BEGR\u00dcSSUNGSLIED UND SPRACHEN \u00dcBER DIE ERSTE &hellip; <a href=\"https:\/\/kita-luetzelbach-evangelisch.de\/?p=9758\">Weiterlesen <span class=\"meta-nav\">&rarr;<\/span><\/a><\/p>\n","protected":false},"author":3,"featured_media":0,"comment_status":"closed","ping_status":"closed","sticky":false,"template":"","format":"standard","meta":{"footnotes":""},"categories":[1],"tags":[],"class_list":["post-9758","post","type-post","status-publish","format-standard","hentry","category-uncategorized"],"_links":{"self":[{"href":"https:\/\/kita-luetzelbach-evangelisch.de\/index.php?rest_route=\/wp\/v2\/posts\/9758","targetHints":{"allow":["GET"]}}],"collection":[{"href":"https:\/\/kita-luetzelbach-evangelisch.de\/index.php?rest_route=\/wp\/v2\/posts"}],"about":[{"href":"https:\/\/kita-luetzelbach-evangelisch.de\/index.php?rest_route=\/wp\/v2\/types\/post"}],"author":[{"embeddable":true,"href":"https:\/\/kita-luetzelbach-evangelisch.de\/index.php?rest_route=\/wp\/v2\/users\/3"}],"replies":[{"embeddable":true,"href":"https:\/\/kita-luetzelbach-evangelisch.de\/index.php?rest_route=%2Fwp%2Fv2%2Fcomments&post=9758"}],"version-history":[{"count":3,"href":"https:\/\/kita-luetzelbach-evangelisch.de\/index.php?rest_route=\/wp\/v2\/posts\/9758\/revisions"}],"predecessor-version":[{"id":9762,"href":"https:\/\/kita-luetzelbach-evangelisch.de\/index.php?rest_route=\/wp\/v2\/posts\/9758\/revisions\/9762"}],"wp:attachment":[{"href":"https:\/\/kita-luetzelbach-evangelisch.de\/index.php?rest_route=%2Fwp%2Fv2%2Fmedia&parent=9758"}],"wp:term":[{"taxonomy":"category","embeddable":true,"href":"https:\/\/kita-luetzelbach-evangelisch.de\/index.php?rest_route=%2Fwp%2Fv2%2Fcategories&post=9758"},{"taxonomy":"post_tag","embeddable":true,"href":"https:\/\/kita-luetzelbach-evangelisch.de\/index.php?rest_route=%2Fwp%2Fv2%2Ftags&post=9758"}],"curies":[{"name":"wp","href":"https:\/\/api.w.org\/{rel}","templated":true}]}}