{"id":9378,"date":"2025-12-03T11:06:33","date_gmt":"2025-12-03T11:06:33","guid":{"rendered":"https:\/\/kita-luetzelbach-evangelisch.de\/?p=9378"},"modified":"2025-12-03T11:06:33","modified_gmt":"2025-12-03T11:06:33","slug":"wir-laufen-los-zur-sparkasse-%f0%9f%8e%84%f0%9f%a4%97","status":"publish","type":"post","link":"https:\/\/kita-luetzelbach-evangelisch.de\/?p=9378","title":{"rendered":"Wir laufen los zur Sparkasse\u2026\u00a0\ud83c\udf84\ud83e\udd17"},"content":{"rendered":"\n<p>Am Montag, den 01. Dezember machten wir uns mit ein paar Krippen- und Kita Strolchen auf den Weg zur Sparkasse. Gemeinsam haben wir dort den Weihnachtsbaum geschm\u00fcckt.&nbsp;<\/p>\n\n\n\n<p>Die Woche zuvor haben wir hierf\u00fcr viele Sterne aus Eisst\u00e4bchen, Schneem\u00e4nner aus Pappbechern und auch Lichterketten aus Handabdr\u00fccken gebastelt.&nbsp;<\/p>\n\n\n\n<p>All dies zusammen ergab zum Schluss einen wundersch\u00f6nen leuchtenden und festlichen Weihnachtsbaum der definitiv Lust auf ein wunderbares und friedliches Weihnachtsfest macht!&nbsp;<\/p>\n\n\n\n<p>Zum Abschluss haben die Kinder als kleines Dankesch\u00f6n noch Wachsmalstifte geschenkt bekommen. Hierf\u00fcr m\u00f6chten wir der Sparkasse noch einmal herzlichst danken!&nbsp;<\/p>\n\n\n\n<p>Anschlie\u00dfend machten wir uns wieder voller Freude und Stolz auf den Weg zur\u00fcck in unsere Kita und verbrachten dort noch einen sch\u00f6nen restlichen Tag.&nbsp;<\/p>\n\n\n\n<p>Das Team der kleinen Strolche<\/p>\n\n\n\n<figure class=\"wp-block-gallery has-nested-images columns-default is-cropped wp-block-gallery-1 is-layout-flex wp-block-gallery-is-layout-flex\">\n<figure class=\"wp-block-image size-large\"><img loading=\"lazy\" decoding=\"async\" width=\"768\" height=\"1024\" data-id=\"9379\" src=\"https:\/\/kita-luetzelbach-evangelisch.de\/wp-content\/uploads\/2025\/12\/IMG_8170-768x1024.jpeg\" alt=\"\" class=\"wp-image-9379\" srcset=\"https:\/\/kita-luetzelbach-evangelisch.de\/wp-content\/uploads\/2025\/12\/IMG_8170-768x1024.jpeg 768w, https:\/\/kita-luetzelbach-evangelisch.de\/wp-content\/uploads\/2025\/12\/IMG_8170-225x300.jpeg 225w, https:\/\/kita-luetzelbach-evangelisch.de\/wp-content\/uploads\/2025\/12\/IMG_8170-1152x1536.jpeg 1152w, https:\/\/kita-luetzelbach-evangelisch.de\/wp-content\/uploads\/2025\/12\/IMG_8170-1536x2048.jpeg 1536w, https:\/\/kita-luetzelbach-evangelisch.de\/wp-content\/uploads\/2025\/12\/IMG_8170.jpeg 1620w\" sizes=\"auto, (max-width: 768px) 100vw, 768px\" \/><\/figure>\n\n\n\n<figure class=\"wp-block-image size-large\"><img loading=\"lazy\" decoding=\"async\" width=\"768\" height=\"1024\" data-id=\"9381\" src=\"https:\/\/kita-luetzelbach-evangelisch.de\/wp-content\/uploads\/2025\/12\/IMG_8167-768x1024.jpeg\" alt=\"\" class=\"wp-image-9381\" srcset=\"https:\/\/kita-luetzelbach-evangelisch.de\/wp-content\/uploads\/2025\/12\/IMG_8167-768x1024.jpeg 768w, https:\/\/kita-luetzelbach-evangelisch.de\/wp-content\/uploads\/2025\/12\/IMG_8167-225x300.jpeg 225w, https:\/\/kita-luetzelbach-evangelisch.de\/wp-content\/uploads\/2025\/12\/IMG_8167-1152x1536.jpeg 1152w, https:\/\/kita-luetzelbach-evangelisch.de\/wp-content\/uploads\/2025\/12\/IMG_8167-1536x2048.jpeg 1536w, https:\/\/kita-luetzelbach-evangelisch.de\/wp-content\/uploads\/2025\/12\/IMG_8167.jpeg 1620w\" sizes=\"auto, (max-width: 768px) 100vw, 768px\" \/><\/figure>\n\n\n\n<figure class=\"wp-block-image size-large\"><img loading=\"lazy\" decoding=\"async\" width=\"768\" height=\"1024\" data-id=\"9382\" src=\"https:\/\/kita-luetzelbach-evangelisch.de\/wp-content\/uploads\/2025\/12\/IMG_8162-768x1024.jpeg\" alt=\"\" class=\"wp-image-9382\" srcset=\"https:\/\/kita-luetzelbach-evangelisch.de\/wp-content\/uploads\/2025\/12\/IMG_8162-768x1024.jpeg 768w, https:\/\/kita-luetzelbach-evangelisch.de\/wp-content\/uploads\/2025\/12\/IMG_8162-225x300.jpeg 225w, https:\/\/kita-luetzelbach-evangelisch.de\/wp-content\/uploads\/2025\/12\/IMG_8162-1152x1536.jpeg 1152w, https:\/\/kita-luetzelbach-evangelisch.de\/wp-content\/uploads\/2025\/12\/IMG_8162-1536x2048.jpeg 1536w, https:\/\/kita-luetzelbach-evangelisch.de\/wp-content\/uploads\/2025\/12\/IMG_8162.jpeg 1620w\" sizes=\"auto, (max-width: 768px) 100vw, 768px\" \/><\/figure>\n\n\n\n<figure class=\"wp-block-image size-large\"><img loading=\"lazy\" decoding=\"async\" width=\"940\" height=\"1024\" data-id=\"9380\" src=\"https:\/\/kita-luetzelbach-evangelisch.de\/wp-content\/uploads\/2025\/12\/IMG_8158-940x1024.jpeg\" alt=\"\" class=\"wp-image-9380\" srcset=\"https:\/\/kita-luetzelbach-evangelisch.de\/wp-content\/uploads\/2025\/12\/IMG_8158-940x1024.jpeg 940w, https:\/\/kita-luetzelbach-evangelisch.de\/wp-content\/uploads\/2025\/12\/IMG_8158-275x300.jpeg 275w, https:\/\/kita-luetzelbach-evangelisch.de\/wp-content\/uploads\/2025\/12\/IMG_8158-768x837.jpeg 768w, https:\/\/kita-luetzelbach-evangelisch.de\/wp-content\/uploads\/2025\/12\/IMG_8158-1409x1536.jpeg 1409w, https:\/\/kita-luetzelbach-evangelisch.de\/wp-content\/uploads\/2025\/12\/IMG_8158.jpeg 1792w\" sizes=\"auto, (max-width: 940px) 100vw, 940px\" \/><\/figure>\n<\/figure>\n","protected":false},"excerpt":{"rendered":"<p>Am Montag, den 01. Dezember machten wir uns mit ein paar Krippen- und Kita Strolchen auf den Weg zur Sparkasse. Gemeinsam haben wir dort den Weihnachtsbaum geschm\u00fcckt.&nbsp; Die Woche zuvor haben wir hierf\u00fcr viele Sterne aus Eisst\u00e4bchen, Schneem\u00e4nner aus Pappbechern &hellip; <a href=\"https:\/\/kita-luetzelbach-evangelisch.de\/?p=9378\">Weiterlesen <span class=\"meta-nav\">&rarr;<\/span><\/a><\/p>\n","protected":false},"author":3,"featured_media":0,"comment_status":"closed","ping_status":"closed","sticky":false,"template":"","format":"standard","meta":{"footnotes":""},"categories":[1],"tags":[],"class_list":["post-9378","post","type-post","status-publish","format-standard","hentry","category-uncategorized"],"_links":{"self":[{"href":"https:\/\/kita-luetzelbach-evangelisch.de\/index.php?rest_route=\/wp\/v2\/posts\/9378","targetHints":{"allow":["GET"]}}],"collection":[{"href":"https:\/\/kita-luetzelbach-evangelisch.de\/index.php?rest_route=\/wp\/v2\/posts"}],"about":[{"href":"https:\/\/kita-luetzelbach-evangelisch.de\/index.php?rest_route=\/wp\/v2\/types\/post"}],"author":[{"embeddable":true,"href":"https:\/\/kita-luetzelbach-evangelisch.de\/index.php?rest_route=\/wp\/v2\/users\/3"}],"replies":[{"embeddable":true,"href":"https:\/\/kita-luetzelbach-evangelisch.de\/index.php?rest_route=%2Fwp%2Fv2%2Fcomments&post=9378"}],"version-history":[{"count":1,"href":"https:\/\/kita-luetzelbach-evangelisch.de\/index.php?rest_route=\/wp\/v2\/posts\/9378\/revisions"}],"predecessor-version":[{"id":9383,"href":"https:\/\/kita-luetzelbach-evangelisch.de\/index.php?rest_route=\/wp\/v2\/posts\/9378\/revisions\/9383"}],"wp:attachment":[{"href":"https:\/\/kita-luetzelbach-evangelisch.de\/index.php?rest_route=%2Fwp%2Fv2%2Fmedia&parent=9378"}],"wp:term":[{"taxonomy":"category","embeddable":true,"href":"https:\/\/kita-luetzelbach-evangelisch.de\/index.php?rest_route=%2Fwp%2Fv2%2Fcategories&post=9378"},{"taxonomy":"post_tag","embeddable":true,"href":"https:\/\/kita-luetzelbach-evangelisch.de\/index.php?rest_route=%2Fwp%2Fv2%2Ftags&post=9378"}],"curies":[{"name":"wp","href":"https:\/\/api.w.org\/{rel}","templated":true}]}}