{"id":7139,"date":"2023-11-21T10:25:51","date_gmt":"2023-11-21T10:25:51","guid":{"rendered":"https:\/\/kita-luetzelbach-evangelisch.de\/?p=7139"},"modified":"2023-11-21T10:25:51","modified_gmt":"2023-11-21T10:25:51","slug":"heute-gabs-im-bistro-ruehrei-%f0%9f%a5%9a","status":"publish","type":"post","link":"https:\/\/kita-luetzelbach-evangelisch.de\/?p=7139","title":{"rendered":"Heute gab\u2018s im Bistro R\u00fchrei \ud83e\udd5a"},"content":{"rendered":"\n<p>Jedes Kita-Kind durfte sich heute im Bistro zum Fr\u00fchst\u00fcck selbst ein R\u00fchrei machen:<\/p>\n\n\n\n<figure class=\"wp-block-gallery has-nested-images columns-default is-cropped wp-block-gallery-1 is-layout-flex wp-block-gallery-is-layout-flex\">\n<figure class=\"wp-block-image size-large\"><img loading=\"lazy\" decoding=\"async\" width=\"768\" height=\"1024\" data-id=\"7145\" src=\"https:\/\/kita-luetzelbach-evangelisch.de\/wp-content\/uploads\/2023\/11\/IMG_0834-768x1024.jpeg\" alt=\"\" class=\"wp-image-7145\" srcset=\"https:\/\/kita-luetzelbach-evangelisch.de\/wp-content\/uploads\/2023\/11\/IMG_0834-768x1024.jpeg 768w, https:\/\/kita-luetzelbach-evangelisch.de\/wp-content\/uploads\/2023\/11\/IMG_0834-225x300.jpeg 225w, https:\/\/kita-luetzelbach-evangelisch.de\/wp-content\/uploads\/2023\/11\/IMG_0834-1152x1536.jpeg 1152w, https:\/\/kita-luetzelbach-evangelisch.de\/wp-content\/uploads\/2023\/11\/IMG_0834-1536x2048.jpeg 1536w, https:\/\/kita-luetzelbach-evangelisch.de\/wp-content\/uploads\/2023\/11\/IMG_0834-scaled.jpeg 1920w\" sizes=\"auto, (max-width: 768px) 100vw, 768px\" \/><\/figure>\n\n\n\n<figure class=\"wp-block-image size-large\"><img loading=\"lazy\" decoding=\"async\" width=\"768\" height=\"1024\" data-id=\"7144\" src=\"https:\/\/kita-luetzelbach-evangelisch.de\/wp-content\/uploads\/2023\/11\/IMG_0835-768x1024.jpeg\" alt=\"\" class=\"wp-image-7144\" srcset=\"https:\/\/kita-luetzelbach-evangelisch.de\/wp-content\/uploads\/2023\/11\/IMG_0835-768x1024.jpeg 768w, https:\/\/kita-luetzelbach-evangelisch.de\/wp-content\/uploads\/2023\/11\/IMG_0835-225x300.jpeg 225w, https:\/\/kita-luetzelbach-evangelisch.de\/wp-content\/uploads\/2023\/11\/IMG_0835-1152x1536.jpeg 1152w, https:\/\/kita-luetzelbach-evangelisch.de\/wp-content\/uploads\/2023\/11\/IMG_0835-1536x2048.jpeg 1536w, https:\/\/kita-luetzelbach-evangelisch.de\/wp-content\/uploads\/2023\/11\/IMG_0835-scaled.jpeg 1920w\" sizes=\"auto, (max-width: 768px) 100vw, 768px\" \/><\/figure>\n\n\n\n<figure class=\"wp-block-image size-large\"><img loading=\"lazy\" decoding=\"async\" width=\"768\" height=\"1024\" data-id=\"7140\" src=\"https:\/\/kita-luetzelbach-evangelisch.de\/wp-content\/uploads\/2023\/11\/IMG_0838-768x1024.jpeg\" alt=\"\" class=\"wp-image-7140\" srcset=\"https:\/\/kita-luetzelbach-evangelisch.de\/wp-content\/uploads\/2023\/11\/IMG_0838-768x1024.jpeg 768w, https:\/\/kita-luetzelbach-evangelisch.de\/wp-content\/uploads\/2023\/11\/IMG_0838-225x300.jpeg 225w, https:\/\/kita-luetzelbach-evangelisch.de\/wp-content\/uploads\/2023\/11\/IMG_0838-1152x1536.jpeg 1152w, https:\/\/kita-luetzelbach-evangelisch.de\/wp-content\/uploads\/2023\/11\/IMG_0838-1536x2048.jpeg 1536w, https:\/\/kita-luetzelbach-evangelisch.de\/wp-content\/uploads\/2023\/11\/IMG_0838.jpeg 1620w\" sizes=\"auto, (max-width: 768px) 100vw, 768px\" \/><\/figure>\n\n\n\n<figure class=\"wp-block-image size-large\"><img loading=\"lazy\" decoding=\"async\" width=\"768\" height=\"1024\" data-id=\"7142\" src=\"https:\/\/kita-luetzelbach-evangelisch.de\/wp-content\/uploads\/2023\/11\/IMG_0840-768x1024.jpeg\" alt=\"\" class=\"wp-image-7142\" srcset=\"https:\/\/kita-luetzelbach-evangelisch.de\/wp-content\/uploads\/2023\/11\/IMG_0840-768x1024.jpeg 768w, https:\/\/kita-luetzelbach-evangelisch.de\/wp-content\/uploads\/2023\/11\/IMG_0840-225x300.jpeg 225w, https:\/\/kita-luetzelbach-evangelisch.de\/wp-content\/uploads\/2023\/11\/IMG_0840-1152x1536.jpeg 1152w, https:\/\/kita-luetzelbach-evangelisch.de\/wp-content\/uploads\/2023\/11\/IMG_0840-1536x2048.jpeg 1536w, https:\/\/kita-luetzelbach-evangelisch.de\/wp-content\/uploads\/2023\/11\/IMG_0840.jpeg 1620w\" sizes=\"auto, (max-width: 768px) 100vw, 768px\" \/><\/figure>\n\n\n\n<figure class=\"wp-block-image size-large\"><img loading=\"lazy\" decoding=\"async\" width=\"768\" height=\"1024\" data-id=\"7141\" src=\"https:\/\/kita-luetzelbach-evangelisch.de\/wp-content\/uploads\/2023\/11\/IMG_0842-768x1024.jpeg\" alt=\"\" class=\"wp-image-7141\" srcset=\"https:\/\/kita-luetzelbach-evangelisch.de\/wp-content\/uploads\/2023\/11\/IMG_0842-768x1024.jpeg 768w, https:\/\/kita-luetzelbach-evangelisch.de\/wp-content\/uploads\/2023\/11\/IMG_0842-225x300.jpeg 225w, https:\/\/kita-luetzelbach-evangelisch.de\/wp-content\/uploads\/2023\/11\/IMG_0842-1152x1536.jpeg 1152w, https:\/\/kita-luetzelbach-evangelisch.de\/wp-content\/uploads\/2023\/11\/IMG_0842-1536x2048.jpeg 1536w, https:\/\/kita-luetzelbach-evangelisch.de\/wp-content\/uploads\/2023\/11\/IMG_0842.jpeg 1620w\" sizes=\"auto, (max-width: 768px) 100vw, 768px\" \/><\/figure>\n\n\n\n<figure class=\"wp-block-image size-large\"><img loading=\"lazy\" decoding=\"async\" width=\"768\" height=\"1024\" data-id=\"7143\" src=\"https:\/\/kita-luetzelbach-evangelisch.de\/wp-content\/uploads\/2023\/11\/IMG_0843-768x1024.jpeg\" alt=\"\" class=\"wp-image-7143\" srcset=\"https:\/\/kita-luetzelbach-evangelisch.de\/wp-content\/uploads\/2023\/11\/IMG_0843-768x1024.jpeg 768w, https:\/\/kita-luetzelbach-evangelisch.de\/wp-content\/uploads\/2023\/11\/IMG_0843-225x300.jpeg 225w, https:\/\/kita-luetzelbach-evangelisch.de\/wp-content\/uploads\/2023\/11\/IMG_0843-1152x1536.jpeg 1152w, https:\/\/kita-luetzelbach-evangelisch.de\/wp-content\/uploads\/2023\/11\/IMG_0843-1536x2048.jpeg 1536w, https:\/\/kita-luetzelbach-evangelisch.de\/wp-content\/uploads\/2023\/11\/IMG_0843.jpeg 1620w\" sizes=\"auto, (max-width: 768px) 100vw, 768px\" \/><\/figure>\n<\/figure>\n","protected":false},"excerpt":{"rendered":"<p>Jedes Kita-Kind durfte sich heute im Bistro zum Fr\u00fchst\u00fcck selbst ein R\u00fchrei machen:<\/p>\n","protected":false},"author":3,"featured_media":0,"comment_status":"closed","ping_status":"closed","sticky":false,"template":"","format":"standard","meta":{"footnotes":""},"categories":[1],"tags":[],"class_list":["post-7139","post","type-post","status-publish","format-standard","hentry","category-uncategorized"],"_links":{"self":[{"href":"https:\/\/kita-luetzelbach-evangelisch.de\/index.php?rest_route=\/wp\/v2\/posts\/7139","targetHints":{"allow":["GET"]}}],"collection":[{"href":"https:\/\/kita-luetzelbach-evangelisch.de\/index.php?rest_route=\/wp\/v2\/posts"}],"about":[{"href":"https:\/\/kita-luetzelbach-evangelisch.de\/index.php?rest_route=\/wp\/v2\/types\/post"}],"author":[{"embeddable":true,"href":"https:\/\/kita-luetzelbach-evangelisch.de\/index.php?rest_route=\/wp\/v2\/users\/3"}],"replies":[{"embeddable":true,"href":"https:\/\/kita-luetzelbach-evangelisch.de\/index.php?rest_route=%2Fwp%2Fv2%2Fcomments&post=7139"}],"version-history":[{"count":1,"href":"https:\/\/kita-luetzelbach-evangelisch.de\/index.php?rest_route=\/wp\/v2\/posts\/7139\/revisions"}],"predecessor-version":[{"id":7146,"href":"https:\/\/kita-luetzelbach-evangelisch.de\/index.php?rest_route=\/wp\/v2\/posts\/7139\/revisions\/7146"}],"wp:attachment":[{"href":"https:\/\/kita-luetzelbach-evangelisch.de\/index.php?rest_route=%2Fwp%2Fv2%2Fmedia&parent=7139"}],"wp:term":[{"taxonomy":"category","embeddable":true,"href":"https:\/\/kita-luetzelbach-evangelisch.de\/index.php?rest_route=%2Fwp%2Fv2%2Fcategories&post=7139"},{"taxonomy":"post_tag","embeddable":true,"href":"https:\/\/kita-luetzelbach-evangelisch.de\/index.php?rest_route=%2Fwp%2Fv2%2Ftags&post=7139"}],"curies":[{"name":"wp","href":"https:\/\/api.w.org\/{rel}","templated":true}]}}