{"id":6819,"date":"2023-08-08T08:36:16","date_gmt":"2023-08-08T08:36:16","guid":{"rendered":"https:\/\/kita-luetzelbach-evangelisch.de\/?p=6819"},"modified":"2023-08-08T08:36:17","modified_gmt":"2023-08-08T08:36:17","slug":"maeusegeburtstag-%f0%9f%90%ad%f0%9f%8e%88%f0%9f%a5%b3","status":"publish","type":"post","link":"https:\/\/kita-luetzelbach-evangelisch.de\/?p=6819","title":{"rendered":"M\u00e4usegeburtstag \ud83d\udc2d\ud83c\udf88\ud83e\udd73"},"content":{"rendered":"\n<p>Jetzt sind es schon 2 Jahre, die uns unsere M\u00e4use begleiten &#8211; wir freuen uns sehr, dass sie noch so fit sind. Denn 1 M\u00e4usejahr sind 25 Menschenjahre, also sind unsere M\u00e4use umgerechnet 50 Jahre. \ud83d\ude31<\/p>\n\n\n\n<figure class=\"wp-block-gallery has-nested-images columns-default is-cropped wp-block-gallery-1 is-layout-flex wp-block-gallery-is-layout-flex\">\n<figure class=\"wp-block-image size-large\"><img loading=\"lazy\" decoding=\"async\" width=\"1024\" height=\"768\" data-id=\"6821\" src=\"https:\/\/kita-luetzelbach-evangelisch.de\/wp-content\/uploads\/2023\/08\/3-1024x768.jpg\" alt=\"\" class=\"wp-image-6821\" srcset=\"https:\/\/kita-luetzelbach-evangelisch.de\/wp-content\/uploads\/2023\/08\/3-1024x768.jpg 1024w, https:\/\/kita-luetzelbach-evangelisch.de\/wp-content\/uploads\/2023\/08\/3-300x225.jpg 300w, https:\/\/kita-luetzelbach-evangelisch.de\/wp-content\/uploads\/2023\/08\/3-768x576.jpg 768w, https:\/\/kita-luetzelbach-evangelisch.de\/wp-content\/uploads\/2023\/08\/3-1536x1152.jpg 1536w, https:\/\/kita-luetzelbach-evangelisch.de\/wp-content\/uploads\/2023\/08\/3-2048x1536.jpg 2048w, https:\/\/kita-luetzelbach-evangelisch.de\/wp-content\/uploads\/2023\/08\/3-400x300.jpg 400w\" sizes=\"auto, (max-width: 1024px) 100vw, 1024px\" \/><\/figure>\n\n\n\n<figure class=\"wp-block-image size-large\"><img loading=\"lazy\" decoding=\"async\" width=\"768\" height=\"1024\" data-id=\"6820\" src=\"https:\/\/kita-luetzelbach-evangelisch.de\/wp-content\/uploads\/2023\/08\/4-768x1024.jpg\" alt=\"\" class=\"wp-image-6820\" srcset=\"https:\/\/kita-luetzelbach-evangelisch.de\/wp-content\/uploads\/2023\/08\/4-768x1024.jpg 768w, https:\/\/kita-luetzelbach-evangelisch.de\/wp-content\/uploads\/2023\/08\/4-225x300.jpg 225w, https:\/\/kita-luetzelbach-evangelisch.de\/wp-content\/uploads\/2023\/08\/4-1152x1536.jpg 1152w, https:\/\/kita-luetzelbach-evangelisch.de\/wp-content\/uploads\/2023\/08\/4-1536x2048.jpg 1536w, https:\/\/kita-luetzelbach-evangelisch.de\/wp-content\/uploads\/2023\/08\/4-scaled.jpg 1920w\" sizes=\"auto, (max-width: 768px) 100vw, 768px\" \/><\/figure>\n<\/figure>\n\n\n\n<p>Flecki (Gelb), Luise (Blau), Beate (Rot) und Emmi (Orange) waren jeweils in den Morgenkreises ihrer Patengruppen und haben Geburtstag gefeiert. Da M\u00e4use keinen Kuchen backen (und auch keinen essen) k\u00f6nnen, haben sie Eileen gebeten, K\u00e4sew\u00fcrfel zu kaufen. Das ist n\u00e4mlich ihr Lieblingsessen, dass es nur zu besonderen Anl\u00e4ssen gibt. \ud83d\ude0a Auch eine Krone haben die Kinder f\u00fcr sie gebastelt. Als Geburtstagsgeschenk haben die M\u00e4use einen Knabber-Heuballen f\u00fcr ihren K\u00e4fig bekommen. Es wurde gesungen und gelacht, danach waren die M\u00e4use sehr m\u00fcde. \ud83d\ude34<\/p>\n\n\n\n<figure class=\"wp-block-image size-large\"><img loading=\"lazy\" decoding=\"async\" width=\"1024\" height=\"768\" src=\"https:\/\/kita-luetzelbach-evangelisch.de\/wp-content\/uploads\/2023\/08\/5-1-1024x768.jpg\" alt=\"\" class=\"wp-image-6823\" srcset=\"https:\/\/kita-luetzelbach-evangelisch.de\/wp-content\/uploads\/2023\/08\/5-1-1024x768.jpg 1024w, https:\/\/kita-luetzelbach-evangelisch.de\/wp-content\/uploads\/2023\/08\/5-1-300x225.jpg 300w, https:\/\/kita-luetzelbach-evangelisch.de\/wp-content\/uploads\/2023\/08\/5-1-768x576.jpg 768w, https:\/\/kita-luetzelbach-evangelisch.de\/wp-content\/uploads\/2023\/08\/5-1-1536x1152.jpg 1536w, https:\/\/kita-luetzelbach-evangelisch.de\/wp-content\/uploads\/2023\/08\/5-1-2048x1536.jpg 2048w, https:\/\/kita-luetzelbach-evangelisch.de\/wp-content\/uploads\/2023\/08\/5-1-400x300.jpg 400w\" sizes=\"auto, (max-width: 1024px) 100vw, 1024px\" \/><\/figure>\n\n\n\n<p>Hier ein kleiner Einblick in die Feier von Luise:<\/p>\n\n\n\n<figure class=\"wp-block-image size-large\"><img loading=\"lazy\" decoding=\"async\" width=\"765\" height=\"1024\" src=\"https:\/\/kita-luetzelbach-evangelisch.de\/wp-content\/uploads\/2023\/08\/1-765x1024.jpg\" alt=\"\" class=\"wp-image-6825\" srcset=\"https:\/\/kita-luetzelbach-evangelisch.de\/wp-content\/uploads\/2023\/08\/1-765x1024.jpg 765w, https:\/\/kita-luetzelbach-evangelisch.de\/wp-content\/uploads\/2023\/08\/1-224x300.jpg 224w, https:\/\/kita-luetzelbach-evangelisch.de\/wp-content\/uploads\/2023\/08\/1-768x1028.jpg 768w, https:\/\/kita-luetzelbach-evangelisch.de\/wp-content\/uploads\/2023\/08\/1.jpg 968w\" sizes=\"auto, (max-width: 765px) 100vw, 765px\" \/><\/figure>\n\n\n\n<figure class=\"wp-block-image size-large\"><img loading=\"lazy\" decoding=\"async\" width=\"1024\" height=\"765\" src=\"https:\/\/kita-luetzelbach-evangelisch.de\/wp-content\/uploads\/2023\/08\/2-1024x765.jpg\" alt=\"\" class=\"wp-image-6824\" srcset=\"https:\/\/kita-luetzelbach-evangelisch.de\/wp-content\/uploads\/2023\/08\/2-1024x765.jpg 1024w, https:\/\/kita-luetzelbach-evangelisch.de\/wp-content\/uploads\/2023\/08\/2-300x224.jpg 300w, https:\/\/kita-luetzelbach-evangelisch.de\/wp-content\/uploads\/2023\/08\/2-768x574.jpg 768w, https:\/\/kita-luetzelbach-evangelisch.de\/wp-content\/uploads\/2023\/08\/2-402x300.jpg 402w, https:\/\/kita-luetzelbach-evangelisch.de\/wp-content\/uploads\/2023\/08\/2.jpg 1296w\" sizes=\"auto, (max-width: 1024px) 100vw, 1024px\" \/><\/figure>\n","protected":false},"excerpt":{"rendered":"<p>Jetzt sind es schon 2 Jahre, die uns unsere M\u00e4use begleiten &#8211; wir freuen uns sehr, dass sie noch so fit sind. Denn 1 M\u00e4usejahr sind 25 Menschenjahre, also sind unsere M\u00e4use umgerechnet 50 Jahre. \ud83d\ude31 Flecki (Gelb), Luise (Blau), &hellip; <a href=\"https:\/\/kita-luetzelbach-evangelisch.de\/?p=6819\">Weiterlesen <span class=\"meta-nav\">&rarr;<\/span><\/a><\/p>\n","protected":false},"author":4,"featured_media":0,"comment_status":"closed","ping_status":"closed","sticky":false,"template":"","format":"standard","meta":{"footnotes":""},"categories":[1],"tags":[],"class_list":["post-6819","post","type-post","status-publish","format-standard","hentry","category-uncategorized"],"_links":{"self":[{"href":"https:\/\/kita-luetzelbach-evangelisch.de\/index.php?rest_route=\/wp\/v2\/posts\/6819","targetHints":{"allow":["GET"]}}],"collection":[{"href":"https:\/\/kita-luetzelbach-evangelisch.de\/index.php?rest_route=\/wp\/v2\/posts"}],"about":[{"href":"https:\/\/kita-luetzelbach-evangelisch.de\/index.php?rest_route=\/wp\/v2\/types\/post"}],"author":[{"embeddable":true,"href":"https:\/\/kita-luetzelbach-evangelisch.de\/index.php?rest_route=\/wp\/v2\/users\/4"}],"replies":[{"embeddable":true,"href":"https:\/\/kita-luetzelbach-evangelisch.de\/index.php?rest_route=%2Fwp%2Fv2%2Fcomments&post=6819"}],"version-history":[{"count":1,"href":"https:\/\/kita-luetzelbach-evangelisch.de\/index.php?rest_route=\/wp\/v2\/posts\/6819\/revisions"}],"predecessor-version":[{"id":6826,"href":"https:\/\/kita-luetzelbach-evangelisch.de\/index.php?rest_route=\/wp\/v2\/posts\/6819\/revisions\/6826"}],"wp:attachment":[{"href":"https:\/\/kita-luetzelbach-evangelisch.de\/index.php?rest_route=%2Fwp%2Fv2%2Fmedia&parent=6819"}],"wp:term":[{"taxonomy":"category","embeddable":true,"href":"https:\/\/kita-luetzelbach-evangelisch.de\/index.php?rest_route=%2Fwp%2Fv2%2Fcategories&post=6819"},{"taxonomy":"post_tag","embeddable":true,"href":"https:\/\/kita-luetzelbach-evangelisch.de\/index.php?rest_route=%2Fwp%2Fv2%2Ftags&post=6819"}],"curies":[{"name":"wp","href":"https:\/\/api.w.org\/{rel}","templated":true}]}}