{"id":6620,"date":"2023-07-10T09:40:50","date_gmt":"2023-07-10T09:40:50","guid":{"rendered":"https:\/\/kita-luetzelbach-evangelisch.de\/?p=6620"},"modified":"2023-07-10T09:40:51","modified_gmt":"2023-07-10T09:40:51","slug":"wir-verabschieden-unsere-auszubildende-emily-herrschaft-%f0%9f%98%a2","status":"publish","type":"post","link":"https:\/\/kita-luetzelbach-evangelisch.de\/?p=6620","title":{"rendered":"Wir verabschieden unsere Auszubildende Emily Herrschaft \ud83d\ude22"},"content":{"rendered":"\n<p>Drei Jahre sind so schnell vergangen\u2026 und unsere liebe Emily verl\u00e4sst uns als staatlich anerkannte Erzieherin. Sie m\u00f6chte an ihre Ausbildung ein Studium in Darmstadt anh\u00e4ngen. Daf\u00fcr w\u00fcnschen wir ihr viel Gl\u00fcck und Erfolg \ud83c\udf40\ud83d\udc4d\ud83c\udffd Heute haben wir ihr zum Abschied noch ein paar Liedchen gesungen und Geschenke \u00fcberreicht. Schade, dass sie geht! Wir werden sie sehr vermissen! \ud83d\ude22<\/p>\n\n\n\n<figure class=\"wp-block-gallery has-nested-images columns-default is-cropped wp-block-gallery-1 is-layout-flex wp-block-gallery-is-layout-flex\">\n<figure class=\"wp-block-image size-large\"><img loading=\"lazy\" decoding=\"async\" width=\"1024\" height=\"914\" data-id=\"6624\" src=\"https:\/\/kita-luetzelbach-evangelisch.de\/wp-content\/uploads\/2023\/07\/A7DA82A8-30B9-4EFA-9A59-E7829112528D-1024x914.jpeg\" alt=\"\" class=\"wp-image-6624\" srcset=\"https:\/\/kita-luetzelbach-evangelisch.de\/wp-content\/uploads\/2023\/07\/A7DA82A8-30B9-4EFA-9A59-E7829112528D-1024x914.jpeg 1024w, https:\/\/kita-luetzelbach-evangelisch.de\/wp-content\/uploads\/2023\/07\/A7DA82A8-30B9-4EFA-9A59-E7829112528D-300x268.jpeg 300w, https:\/\/kita-luetzelbach-evangelisch.de\/wp-content\/uploads\/2023\/07\/A7DA82A8-30B9-4EFA-9A59-E7829112528D-768x685.jpeg 768w, https:\/\/kita-luetzelbach-evangelisch.de\/wp-content\/uploads\/2023\/07\/A7DA82A8-30B9-4EFA-9A59-E7829112528D-1536x1371.jpeg 1536w, https:\/\/kita-luetzelbach-evangelisch.de\/wp-content\/uploads\/2023\/07\/A7DA82A8-30B9-4EFA-9A59-E7829112528D-336x300.jpeg 336w, https:\/\/kita-luetzelbach-evangelisch.de\/wp-content\/uploads\/2023\/07\/A7DA82A8-30B9-4EFA-9A59-E7829112528D.jpeg 1700w\" sizes=\"auto, (max-width: 1024px) 100vw, 1024px\" \/><\/figure>\n\n\n\n<figure class=\"wp-block-image size-large\"><img loading=\"lazy\" decoding=\"async\" width=\"1024\" height=\"722\" data-id=\"6623\" src=\"https:\/\/kita-luetzelbach-evangelisch.de\/wp-content\/uploads\/2023\/07\/70714BD8-9D8D-42A8-B23F-930B119943A5-1024x722.jpeg\" alt=\"\" class=\"wp-image-6623\" srcset=\"https:\/\/kita-luetzelbach-evangelisch.de\/wp-content\/uploads\/2023\/07\/70714BD8-9D8D-42A8-B23F-930B119943A5-1024x722.jpeg 1024w, https:\/\/kita-luetzelbach-evangelisch.de\/wp-content\/uploads\/2023\/07\/70714BD8-9D8D-42A8-B23F-930B119943A5-300x211.jpeg 300w, https:\/\/kita-luetzelbach-evangelisch.de\/wp-content\/uploads\/2023\/07\/70714BD8-9D8D-42A8-B23F-930B119943A5-768x541.jpeg 768w, https:\/\/kita-luetzelbach-evangelisch.de\/wp-content\/uploads\/2023\/07\/70714BD8-9D8D-42A8-B23F-930B119943A5-1536x1083.jpeg 1536w, https:\/\/kita-luetzelbach-evangelisch.de\/wp-content\/uploads\/2023\/07\/70714BD8-9D8D-42A8-B23F-930B119943A5-2048x1444.jpeg 2048w, https:\/\/kita-luetzelbach-evangelisch.de\/wp-content\/uploads\/2023\/07\/70714BD8-9D8D-42A8-B23F-930B119943A5-426x300.jpeg 426w\" sizes=\"auto, (max-width: 1024px) 100vw, 1024px\" \/><\/figure>\n\n\n\n<figure class=\"wp-block-image size-large\"><img loading=\"lazy\" decoding=\"async\" width=\"1024\" height=\"820\" data-id=\"6622\" src=\"https:\/\/kita-luetzelbach-evangelisch.de\/wp-content\/uploads\/2023\/07\/0A3C599A-95D1-41B8-95F5-0395FA0B4E5B-1024x820.jpeg\" alt=\"\" class=\"wp-image-6622\" srcset=\"https:\/\/kita-luetzelbach-evangelisch.de\/wp-content\/uploads\/2023\/07\/0A3C599A-95D1-41B8-95F5-0395FA0B4E5B-1024x820.jpeg 1024w, https:\/\/kita-luetzelbach-evangelisch.de\/wp-content\/uploads\/2023\/07\/0A3C599A-95D1-41B8-95F5-0395FA0B4E5B-300x240.jpeg 300w, https:\/\/kita-luetzelbach-evangelisch.de\/wp-content\/uploads\/2023\/07\/0A3C599A-95D1-41B8-95F5-0395FA0B4E5B-768x615.jpeg 768w, https:\/\/kita-luetzelbach-evangelisch.de\/wp-content\/uploads\/2023\/07\/0A3C599A-95D1-41B8-95F5-0395FA0B4E5B-1536x1230.jpeg 1536w, https:\/\/kita-luetzelbach-evangelisch.de\/wp-content\/uploads\/2023\/07\/0A3C599A-95D1-41B8-95F5-0395FA0B4E5B-375x300.jpeg 375w, https:\/\/kita-luetzelbach-evangelisch.de\/wp-content\/uploads\/2023\/07\/0A3C599A-95D1-41B8-95F5-0395FA0B4E5B.jpeg 1566w\" sizes=\"auto, (max-width: 1024px) 100vw, 1024px\" \/><\/figure>\n<\/figure>\n\n\n\n<p>\u201eDie Welt ist voll von wundersch\u00f6nen Sachen, und es ist wirklich n\u00f6tig, dass sie jemand findet!\u201c (Pippi Langstrumpf)<\/p>\n\n\n\n<p>Wir w\u00fcnschen Dir f\u00fcr Deine Zukunft alles Liebe! \ud83d\ude18<\/p>\n\n\n\n<p>Dein Team von der evangelischen Kita \u201eDie kleinen Strolche\u201c in L\u00fctzelbach<\/p>\n","protected":false},"excerpt":{"rendered":"<p>Drei Jahre sind so schnell vergangen\u2026 und unsere liebe Emily verl\u00e4sst uns als staatlich anerkannte Erzieherin. Sie m\u00f6chte an ihre Ausbildung ein Studium in Darmstadt anh\u00e4ngen. Daf\u00fcr w\u00fcnschen wir ihr viel Gl\u00fcck und Erfolg \ud83c\udf40\ud83d\udc4d\ud83c\udffd Heute haben wir ihr zum &hellip; <a href=\"https:\/\/kita-luetzelbach-evangelisch.de\/?p=6620\">Weiterlesen <span class=\"meta-nav\">&rarr;<\/span><\/a><\/p>\n","protected":false},"author":3,"featured_media":0,"comment_status":"closed","ping_status":"closed","sticky":false,"template":"","format":"standard","meta":{"footnotes":""},"categories":[1],"tags":[],"class_list":["post-6620","post","type-post","status-publish","format-standard","hentry","category-uncategorized"],"_links":{"self":[{"href":"https:\/\/kita-luetzelbach-evangelisch.de\/index.php?rest_route=\/wp\/v2\/posts\/6620","targetHints":{"allow":["GET"]}}],"collection":[{"href":"https:\/\/kita-luetzelbach-evangelisch.de\/index.php?rest_route=\/wp\/v2\/posts"}],"about":[{"href":"https:\/\/kita-luetzelbach-evangelisch.de\/index.php?rest_route=\/wp\/v2\/types\/post"}],"author":[{"embeddable":true,"href":"https:\/\/kita-luetzelbach-evangelisch.de\/index.php?rest_route=\/wp\/v2\/users\/3"}],"replies":[{"embeddable":true,"href":"https:\/\/kita-luetzelbach-evangelisch.de\/index.php?rest_route=%2Fwp%2Fv2%2Fcomments&post=6620"}],"version-history":[{"count":4,"href":"https:\/\/kita-luetzelbach-evangelisch.de\/index.php?rest_route=\/wp\/v2\/posts\/6620\/revisions"}],"predecessor-version":[{"id":6627,"href":"https:\/\/kita-luetzelbach-evangelisch.de\/index.php?rest_route=\/wp\/v2\/posts\/6620\/revisions\/6627"}],"wp:attachment":[{"href":"https:\/\/kita-luetzelbach-evangelisch.de\/index.php?rest_route=%2Fwp%2Fv2%2Fmedia&parent=6620"}],"wp:term":[{"taxonomy":"category","embeddable":true,"href":"https:\/\/kita-luetzelbach-evangelisch.de\/index.php?rest_route=%2Fwp%2Fv2%2Fcategories&post=6620"},{"taxonomy":"post_tag","embeddable":true,"href":"https:\/\/kita-luetzelbach-evangelisch.de\/index.php?rest_route=%2Fwp%2Fv2%2Ftags&post=6620"}],"curies":[{"name":"wp","href":"https:\/\/api.w.org\/{rel}","templated":true}]}}