{"id":6549,"date":"2023-07-03T12:09:37","date_gmt":"2023-07-03T12:09:37","guid":{"rendered":"https:\/\/kita-luetzelbach-evangelisch.de\/?p=6549"},"modified":"2023-07-03T12:13:39","modified_gmt":"2023-07-03T12:13:39","slug":"der-1-tag-unserer-schulkinder-im-wald","status":"publish","type":"post","link":"https:\/\/kita-luetzelbach-evangelisch.de\/?p=6549","title":{"rendered":"Der 1. Tag unserer Schulkinder im Wald"},"content":{"rendered":"\n<p>Treffpunkt war der Hundeplatz in L\u00fctzelbach. Nach einem st\u00e4rkenden Fr\u00fchst\u00fcck ging es dann los auf dem R\u00f6merpfad Richtung Kastell. Danach wurden wir von J\u00e4ger Stefan und seinen zwei wei\u00dfen Hunden durch den Wald begleitet &#8211; was ein Erlebnis. Das Quatschfoto ist wirklich gelungen, das zeigen wir euch dann unverpixelt in der Kita. \ud83d\ude1c<\/p>\n\n\n\n<figure class=\"wp-block-gallery has-nested-images columns-default is-cropped wp-block-gallery-1 is-layout-flex wp-block-gallery-is-layout-flex\">\n<figure class=\"wp-block-image size-large\"><img loading=\"lazy\" decoding=\"async\" width=\"768\" height=\"1024\" data-id=\"6556\" src=\"https:\/\/kita-luetzelbach-evangelisch.de\/wp-content\/uploads\/2023\/07\/6E4F9C09-C177-49F7-AF30-60075548A9E0-768x1024.jpeg\" alt=\"\" class=\"wp-image-6556\" srcset=\"https:\/\/kita-luetzelbach-evangelisch.de\/wp-content\/uploads\/2023\/07\/6E4F9C09-C177-49F7-AF30-60075548A9E0-768x1025.jpeg 768w, https:\/\/kita-luetzelbach-evangelisch.de\/wp-content\/uploads\/2023\/07\/6E4F9C09-C177-49F7-AF30-60075548A9E0-225x300.jpeg 225w, https:\/\/kita-luetzelbach-evangelisch.de\/wp-content\/uploads\/2023\/07\/6E4F9C09-C177-49F7-AF30-60075548A9E0-1151x1536.jpeg 1151w, https:\/\/kita-luetzelbach-evangelisch.de\/wp-content\/uploads\/2023\/07\/6E4F9C09-C177-49F7-AF30-60075548A9E0-1535x2048.jpeg 1535w, https:\/\/kita-luetzelbach-evangelisch.de\/wp-content\/uploads\/2023\/07\/6E4F9C09-C177-49F7-AF30-60075548A9E0.jpeg 1574w\" sizes=\"auto, (max-width: 768px) 100vw, 768px\" \/><\/figure>\n\n\n\n<figure class=\"wp-block-image size-large\"><img loading=\"lazy\" decoding=\"async\" width=\"768\" height=\"1024\" data-id=\"6554\" src=\"https:\/\/kita-luetzelbach-evangelisch.de\/wp-content\/uploads\/2023\/07\/A7503F8E-1839-4D8A-AB32-E69931F063ED-768x1024.jpeg\" alt=\"\" class=\"wp-image-6554\" srcset=\"https:\/\/kita-luetzelbach-evangelisch.de\/wp-content\/uploads\/2023\/07\/A7503F8E-1839-4D8A-AB32-E69931F063ED-768x1025.jpeg 768w, https:\/\/kita-luetzelbach-evangelisch.de\/wp-content\/uploads\/2023\/07\/A7503F8E-1839-4D8A-AB32-E69931F063ED-225x300.jpeg 225w, https:\/\/kita-luetzelbach-evangelisch.de\/wp-content\/uploads\/2023\/07\/A7503F8E-1839-4D8A-AB32-E69931F063ED-1151x1536.jpeg 1151w, https:\/\/kita-luetzelbach-evangelisch.de\/wp-content\/uploads\/2023\/07\/A7503F8E-1839-4D8A-AB32-E69931F063ED-1535x2048.jpeg 1535w, https:\/\/kita-luetzelbach-evangelisch.de\/wp-content\/uploads\/2023\/07\/A7503F8E-1839-4D8A-AB32-E69931F063ED.jpeg 1574w\" sizes=\"auto, (max-width: 768px) 100vw, 768px\" \/><\/figure>\n\n\n\n<figure class=\"wp-block-image size-large\"><img loading=\"lazy\" decoding=\"async\" width=\"1024\" height=\"768\" data-id=\"6555\" src=\"https:\/\/kita-luetzelbach-evangelisch.de\/wp-content\/uploads\/2023\/07\/A0A95B01-886C-4A1D-A304-D8F69D0CC6F2-1024x768.jpeg\" alt=\"\" class=\"wp-image-6555\" srcset=\"https:\/\/kita-luetzelbach-evangelisch.de\/wp-content\/uploads\/2023\/07\/A0A95B01-886C-4A1D-A304-D8F69D0CC6F2-1024x768.jpeg 1024w, https:\/\/kita-luetzelbach-evangelisch.de\/wp-content\/uploads\/2023\/07\/A0A95B01-886C-4A1D-A304-D8F69D0CC6F2-300x225.jpeg 300w, https:\/\/kita-luetzelbach-evangelisch.de\/wp-content\/uploads\/2023\/07\/A0A95B01-886C-4A1D-A304-D8F69D0CC6F2-768x576.jpeg 768w, https:\/\/kita-luetzelbach-evangelisch.de\/wp-content\/uploads\/2023\/07\/A0A95B01-886C-4A1D-A304-D8F69D0CC6F2-1536x1151.jpeg 1536w, https:\/\/kita-luetzelbach-evangelisch.de\/wp-content\/uploads\/2023\/07\/A0A95B01-886C-4A1D-A304-D8F69D0CC6F2-2048x1535.jpeg 2048w, https:\/\/kita-luetzelbach-evangelisch.de\/wp-content\/uploads\/2023\/07\/A0A95B01-886C-4A1D-A304-D8F69D0CC6F2-400x300.jpeg 400w\" sizes=\"auto, (max-width: 1024px) 100vw, 1024px\" \/><\/figure>\n\n\n\n<figure class=\"wp-block-image size-large\"><img loading=\"lazy\" decoding=\"async\" width=\"768\" height=\"1024\" data-id=\"6552\" src=\"https:\/\/kita-luetzelbach-evangelisch.de\/wp-content\/uploads\/2023\/07\/843F12EA-83EC-49EE-BB49-AF457B12701B-768x1024.jpeg\" alt=\"\" class=\"wp-image-6552\" srcset=\"https:\/\/kita-luetzelbach-evangelisch.de\/wp-content\/uploads\/2023\/07\/843F12EA-83EC-49EE-BB49-AF457B12701B-768x1025.jpeg 768w, https:\/\/kita-luetzelbach-evangelisch.de\/wp-content\/uploads\/2023\/07\/843F12EA-83EC-49EE-BB49-AF457B12701B-225x300.jpeg 225w, https:\/\/kita-luetzelbach-evangelisch.de\/wp-content\/uploads\/2023\/07\/843F12EA-83EC-49EE-BB49-AF457B12701B-1151x1536.jpeg 1151w, https:\/\/kita-luetzelbach-evangelisch.de\/wp-content\/uploads\/2023\/07\/843F12EA-83EC-49EE-BB49-AF457B12701B-1535x2048.jpeg 1535w, https:\/\/kita-luetzelbach-evangelisch.de\/wp-content\/uploads\/2023\/07\/843F12EA-83EC-49EE-BB49-AF457B12701B.jpeg 1574w\" sizes=\"auto, (max-width: 768px) 100vw, 768px\" \/><\/figure>\n\n\n\n<figure class=\"wp-block-image size-large\"><img loading=\"lazy\" decoding=\"async\" width=\"768\" height=\"1024\" data-id=\"6553\" src=\"https:\/\/kita-luetzelbach-evangelisch.de\/wp-content\/uploads\/2023\/07\/52A26A7C-3BC1-4236-96A1-756FA6570BB8-768x1024.jpeg\" alt=\"\" class=\"wp-image-6553\" srcset=\"https:\/\/kita-luetzelbach-evangelisch.de\/wp-content\/uploads\/2023\/07\/52A26A7C-3BC1-4236-96A1-756FA6570BB8-768x1025.jpeg 768w, https:\/\/kita-luetzelbach-evangelisch.de\/wp-content\/uploads\/2023\/07\/52A26A7C-3BC1-4236-96A1-756FA6570BB8-225x300.jpeg 225w, https:\/\/kita-luetzelbach-evangelisch.de\/wp-content\/uploads\/2023\/07\/52A26A7C-3BC1-4236-96A1-756FA6570BB8-1151x1536.jpeg 1151w, https:\/\/kita-luetzelbach-evangelisch.de\/wp-content\/uploads\/2023\/07\/52A26A7C-3BC1-4236-96A1-756FA6570BB8-1535x2048.jpeg 1535w, https:\/\/kita-luetzelbach-evangelisch.de\/wp-content\/uploads\/2023\/07\/52A26A7C-3BC1-4236-96A1-756FA6570BB8.jpeg 1574w\" sizes=\"auto, (max-width: 768px) 100vw, 768px\" \/><\/figure>\n\n\n\n<figure class=\"wp-block-image size-large\"><img loading=\"lazy\" decoding=\"async\" width=\"768\" height=\"1024\" data-id=\"6558\" src=\"https:\/\/kita-luetzelbach-evangelisch.de\/wp-content\/uploads\/2023\/07\/8A6053DF-A9D9-4196-ADB3-4C8D2EE6C593-768x1024.jpeg\" alt=\"\" class=\"wp-image-6558\" srcset=\"https:\/\/kita-luetzelbach-evangelisch.de\/wp-content\/uploads\/2023\/07\/8A6053DF-A9D9-4196-ADB3-4C8D2EE6C593-768x1024.jpeg 768w, https:\/\/kita-luetzelbach-evangelisch.de\/wp-content\/uploads\/2023\/07\/8A6053DF-A9D9-4196-ADB3-4C8D2EE6C593-225x300.jpeg 225w, https:\/\/kita-luetzelbach-evangelisch.de\/wp-content\/uploads\/2023\/07\/8A6053DF-A9D9-4196-ADB3-4C8D2EE6C593-1152x1536.jpeg 1152w, https:\/\/kita-luetzelbach-evangelisch.de\/wp-content\/uploads\/2023\/07\/8A6053DF-A9D9-4196-ADB3-4C8D2EE6C593-1536x2048.jpeg 1536w, https:\/\/kita-luetzelbach-evangelisch.de\/wp-content\/uploads\/2023\/07\/8A6053DF-A9D9-4196-ADB3-4C8D2EE6C593-scaled.jpeg 1920w\" sizes=\"auto, (max-width: 768px) 100vw, 768px\" \/><\/figure>\n\n\n\n<figure class=\"wp-block-image size-large\"><img loading=\"lazy\" decoding=\"async\" width=\"768\" height=\"1024\" data-id=\"6557\" src=\"https:\/\/kita-luetzelbach-evangelisch.de\/wp-content\/uploads\/2023\/07\/4CCF87BE-4ADD-4490-9196-CDBE42710A47-768x1024.jpeg\" alt=\"\" class=\"wp-image-6557\" srcset=\"https:\/\/kita-luetzelbach-evangelisch.de\/wp-content\/uploads\/2023\/07\/4CCF87BE-4ADD-4490-9196-CDBE42710A47-768x1025.jpeg 768w, https:\/\/kita-luetzelbach-evangelisch.de\/wp-content\/uploads\/2023\/07\/4CCF87BE-4ADD-4490-9196-CDBE42710A47-225x300.jpeg 225w, https:\/\/kita-luetzelbach-evangelisch.de\/wp-content\/uploads\/2023\/07\/4CCF87BE-4ADD-4490-9196-CDBE42710A47-1151x1536.jpeg 1151w, https:\/\/kita-luetzelbach-evangelisch.de\/wp-content\/uploads\/2023\/07\/4CCF87BE-4ADD-4490-9196-CDBE42710A47-1535x2048.jpeg 1535w, https:\/\/kita-luetzelbach-evangelisch.de\/wp-content\/uploads\/2023\/07\/4CCF87BE-4ADD-4490-9196-CDBE42710A47.jpeg 1574w\" sizes=\"auto, (max-width: 768px) 100vw, 768px\" \/><\/figure>\n<\/figure>\n","protected":false},"excerpt":{"rendered":"<p>Treffpunkt war der Hundeplatz in L\u00fctzelbach. Nach einem st\u00e4rkenden Fr\u00fchst\u00fcck ging es dann los auf dem R\u00f6merpfad Richtung Kastell. Danach wurden wir von J\u00e4ger Stefan und seinen zwei wei\u00dfen Hunden durch den Wald begleitet &#8211; was ein Erlebnis. Das Quatschfoto &hellip; <a href=\"https:\/\/kita-luetzelbach-evangelisch.de\/?p=6549\">Weiterlesen <span class=\"meta-nav\">&rarr;<\/span><\/a><\/p>\n","protected":false},"author":4,"featured_media":0,"comment_status":"closed","ping_status":"closed","sticky":false,"template":"","format":"standard","meta":{"footnotes":""},"categories":[1],"tags":[],"class_list":["post-6549","post","type-post","status-publish","format-standard","hentry","category-uncategorized"],"_links":{"self":[{"href":"https:\/\/kita-luetzelbach-evangelisch.de\/index.php?rest_route=\/wp\/v2\/posts\/6549","targetHints":{"allow":["GET"]}}],"collection":[{"href":"https:\/\/kita-luetzelbach-evangelisch.de\/index.php?rest_route=\/wp\/v2\/posts"}],"about":[{"href":"https:\/\/kita-luetzelbach-evangelisch.de\/index.php?rest_route=\/wp\/v2\/types\/post"}],"author":[{"embeddable":true,"href":"https:\/\/kita-luetzelbach-evangelisch.de\/index.php?rest_route=\/wp\/v2\/users\/4"}],"replies":[{"embeddable":true,"href":"https:\/\/kita-luetzelbach-evangelisch.de\/index.php?rest_route=%2Fwp%2Fv2%2Fcomments&post=6549"}],"version-history":[{"count":3,"href":"https:\/\/kita-luetzelbach-evangelisch.de\/index.php?rest_route=\/wp\/v2\/posts\/6549\/revisions"}],"predecessor-version":[{"id":6561,"href":"https:\/\/kita-luetzelbach-evangelisch.de\/index.php?rest_route=\/wp\/v2\/posts\/6549\/revisions\/6561"}],"wp:attachment":[{"href":"https:\/\/kita-luetzelbach-evangelisch.de\/index.php?rest_route=%2Fwp%2Fv2%2Fmedia&parent=6549"}],"wp:term":[{"taxonomy":"category","embeddable":true,"href":"https:\/\/kita-luetzelbach-evangelisch.de\/index.php?rest_route=%2Fwp%2Fv2%2Fcategories&post=6549"},{"taxonomy":"post_tag","embeddable":true,"href":"https:\/\/kita-luetzelbach-evangelisch.de\/index.php?rest_route=%2Fwp%2Fv2%2Ftags&post=6549"}],"curies":[{"name":"wp","href":"https:\/\/api.w.org\/{rel}","templated":true}]}}