{"id":6540,"date":"2023-06-30T12:54:33","date_gmt":"2023-06-30T12:54:33","guid":{"rendered":"https:\/\/kita-luetzelbach-evangelisch.de\/?p=6540"},"modified":"2023-06-30T12:54:34","modified_gmt":"2023-06-30T12:54:34","slug":"arme-kleine-amsel","status":"publish","type":"post","link":"https:\/\/kita-luetzelbach-evangelisch.de\/?p=6540","title":{"rendered":"Arme kleine Amsel,"},"content":{"rendered":"\n<p>heute morgen hat Kathrin eine junge Amsel im Garten vor dem gelben Gruppenraum gefunden. Da es so aussah, dass sie evtl. gegen die Fensterscheibe geflogen sein k\u00f6nnte haben wir sie in einen Pappkarton gesetzt und mit einem Handtuch zugedeckt. Rebecca hat sich von Rabea die Nummer der Wildvogelhilfe Koch in W\u00f6rth besorgt und mit der netten Frau Koch Kontakt aufgenommen. Diese sagte uns wir sollten der Amsel 2 Stunden Ruhe g\u00f6nnen und dann k\u00f6nnte sie evtl. wieder freigelassen werden.<\/p>\n\n\n\n<p>Gegen 10:30 Uhr wollten wir die Amsel wieder freilassen, doch leider fing sie nicht an zu fliegen. Sie h\u00fcpfte auf den Parkplatz und dann sind wir alle sehr erschrocken. Ein Milan hatte die Amsel entdeckt und wollte sie sich schnappen. Mit ausgebreiteten Fl\u00fcgel kam er im Sturzflug auf die Amsel zugeflogen und verfehlte sie zum Gl\u00fcck.<\/p>\n\n\n\n<p>Nach diesem Schreck fingen wir die Amsel wieder ein und Kathrin brachte sie nach R\u00fccksprache mit der Wildvogelhilfe nach W\u00f6rth. Dort wird sie hoffentlich gut versorgt und aufgep\u00e4ppelt.<\/p>\n\n\n\n<figure class=\"wp-block-gallery has-nested-images columns-default is-cropped wp-block-gallery-1 is-layout-flex wp-block-gallery-is-layout-flex\">\n<figure class=\"wp-block-image size-large\"><img loading=\"lazy\" decoding=\"async\" width=\"768\" height=\"1024\" data-id=\"6543\" src=\"https:\/\/kita-luetzelbach-evangelisch.de\/wp-content\/uploads\/2023\/06\/IMG_4270-768x1024.jpeg\" alt=\"\" class=\"wp-image-6543\" srcset=\"https:\/\/kita-luetzelbach-evangelisch.de\/wp-content\/uploads\/2023\/06\/IMG_4270-768x1024.jpeg 768w, https:\/\/kita-luetzelbach-evangelisch.de\/wp-content\/uploads\/2023\/06\/IMG_4270-225x300.jpeg 225w, https:\/\/kita-luetzelbach-evangelisch.de\/wp-content\/uploads\/2023\/06\/IMG_4270-1152x1536.jpeg 1152w, https:\/\/kita-luetzelbach-evangelisch.de\/wp-content\/uploads\/2023\/06\/IMG_4270-1536x2048.jpeg 1536w, https:\/\/kita-luetzelbach-evangelisch.de\/wp-content\/uploads\/2023\/06\/IMG_4270-scaled.jpeg 1920w\" sizes=\"auto, (max-width: 768px) 100vw, 768px\" \/><\/figure>\n\n\n\n<figure class=\"wp-block-image size-large\"><img loading=\"lazy\" decoding=\"async\" width=\"768\" height=\"1024\" data-id=\"6544\" src=\"https:\/\/kita-luetzelbach-evangelisch.de\/wp-content\/uploads\/2023\/06\/IMG_4272-768x1024.jpeg\" alt=\"\" class=\"wp-image-6544\" srcset=\"https:\/\/kita-luetzelbach-evangelisch.de\/wp-content\/uploads\/2023\/06\/IMG_4272-768x1024.jpeg 768w, https:\/\/kita-luetzelbach-evangelisch.de\/wp-content\/uploads\/2023\/06\/IMG_4272-225x300.jpeg 225w, https:\/\/kita-luetzelbach-evangelisch.de\/wp-content\/uploads\/2023\/06\/IMG_4272-1152x1536.jpeg 1152w, https:\/\/kita-luetzelbach-evangelisch.de\/wp-content\/uploads\/2023\/06\/IMG_4272-1536x2048.jpeg 1536w, https:\/\/kita-luetzelbach-evangelisch.de\/wp-content\/uploads\/2023\/06\/IMG_4272-scaled.jpeg 1920w\" sizes=\"auto, (max-width: 768px) 100vw, 768px\" \/><\/figure>\n\n\n\n<figure class=\"wp-block-image size-large\"><img loading=\"lazy\" decoding=\"async\" width=\"768\" height=\"1024\" data-id=\"6542\" src=\"https:\/\/kita-luetzelbach-evangelisch.de\/wp-content\/uploads\/2023\/06\/IMG_4276-768x1024.jpeg\" alt=\"\" class=\"wp-image-6542\" srcset=\"https:\/\/kita-luetzelbach-evangelisch.de\/wp-content\/uploads\/2023\/06\/IMG_4276-768x1024.jpeg 768w, https:\/\/kita-luetzelbach-evangelisch.de\/wp-content\/uploads\/2023\/06\/IMG_4276-225x300.jpeg 225w, https:\/\/kita-luetzelbach-evangelisch.de\/wp-content\/uploads\/2023\/06\/IMG_4276-1152x1536.jpeg 1152w, https:\/\/kita-luetzelbach-evangelisch.de\/wp-content\/uploads\/2023\/06\/IMG_4276-1536x2048.jpeg 1536w, https:\/\/kita-luetzelbach-evangelisch.de\/wp-content\/uploads\/2023\/06\/IMG_4276-scaled.jpeg 1920w\" sizes=\"auto, (max-width: 768px) 100vw, 768px\" \/><\/figure>\n\n\n\n<figure class=\"wp-block-image size-large\"><img loading=\"lazy\" decoding=\"async\" width=\"768\" height=\"1024\" data-id=\"6541\" src=\"https:\/\/kita-luetzelbach-evangelisch.de\/wp-content\/uploads\/2023\/06\/IMG_4278-768x1024.jpeg\" alt=\"\" class=\"wp-image-6541\" srcset=\"https:\/\/kita-luetzelbach-evangelisch.de\/wp-content\/uploads\/2023\/06\/IMG_4278-768x1024.jpeg 768w, https:\/\/kita-luetzelbach-evangelisch.de\/wp-content\/uploads\/2023\/06\/IMG_4278-225x300.jpeg 225w, https:\/\/kita-luetzelbach-evangelisch.de\/wp-content\/uploads\/2023\/06\/IMG_4278-1152x1536.jpeg 1152w, https:\/\/kita-luetzelbach-evangelisch.de\/wp-content\/uploads\/2023\/06\/IMG_4278-1536x2048.jpeg 1536w, https:\/\/kita-luetzelbach-evangelisch.de\/wp-content\/uploads\/2023\/06\/IMG_4278-scaled.jpeg 1920w\" sizes=\"auto, (max-width: 768px) 100vw, 768px\" \/><\/figure>\n<\/figure>\n","protected":false},"excerpt":{"rendered":"<p>heute morgen hat Kathrin eine junge Amsel im Garten vor dem gelben Gruppenraum gefunden. Da es so aussah, dass sie evtl. gegen die Fensterscheibe geflogen sein k\u00f6nnte haben wir sie in einen Pappkarton gesetzt und mit einem Handtuch zugedeckt. Rebecca &hellip; <a href=\"https:\/\/kita-luetzelbach-evangelisch.de\/?p=6540\">Weiterlesen <span class=\"meta-nav\">&rarr;<\/span><\/a><\/p>\n","protected":false},"author":4,"featured_media":0,"comment_status":"closed","ping_status":"closed","sticky":false,"template":"","format":"standard","meta":{"footnotes":""},"categories":[1],"tags":[],"class_list":["post-6540","post","type-post","status-publish","format-standard","hentry","category-uncategorized"],"_links":{"self":[{"href":"https:\/\/kita-luetzelbach-evangelisch.de\/index.php?rest_route=\/wp\/v2\/posts\/6540","targetHints":{"allow":["GET"]}}],"collection":[{"href":"https:\/\/kita-luetzelbach-evangelisch.de\/index.php?rest_route=\/wp\/v2\/posts"}],"about":[{"href":"https:\/\/kita-luetzelbach-evangelisch.de\/index.php?rest_route=\/wp\/v2\/types\/post"}],"author":[{"embeddable":true,"href":"https:\/\/kita-luetzelbach-evangelisch.de\/index.php?rest_route=\/wp\/v2\/users\/4"}],"replies":[{"embeddable":true,"href":"https:\/\/kita-luetzelbach-evangelisch.de\/index.php?rest_route=%2Fwp%2Fv2%2Fcomments&post=6540"}],"version-history":[{"count":1,"href":"https:\/\/kita-luetzelbach-evangelisch.de\/index.php?rest_route=\/wp\/v2\/posts\/6540\/revisions"}],"predecessor-version":[{"id":6546,"href":"https:\/\/kita-luetzelbach-evangelisch.de\/index.php?rest_route=\/wp\/v2\/posts\/6540\/revisions\/6546"}],"wp:attachment":[{"href":"https:\/\/kita-luetzelbach-evangelisch.de\/index.php?rest_route=%2Fwp%2Fv2%2Fmedia&parent=6540"}],"wp:term":[{"taxonomy":"category","embeddable":true,"href":"https:\/\/kita-luetzelbach-evangelisch.de\/index.php?rest_route=%2Fwp%2Fv2%2Fcategories&post=6540"},{"taxonomy":"post_tag","embeddable":true,"href":"https:\/\/kita-luetzelbach-evangelisch.de\/index.php?rest_route=%2Fwp%2Fv2%2Ftags&post=6540"}],"curies":[{"name":"wp","href":"https:\/\/api.w.org\/{rel}","templated":true}]}}